{"id":459,"date":"2025-02-14T21:12:49","date_gmt":"2025-02-15T00:12:49","guid":{"rendered":"https:\/\/www.brsportoficial.com.br\/?p=459"},"modified":"2025-02-14T21:13:29","modified_gmt":"2025-02-15T00:13:29","slug":"areia-a-cor-para-1001-ocasioes","status":"publish","type":"post","link":"https:\/\/www.brsportoficial.com.br\/en\/2025\/02\/14\/areia-a-cor-para-1001-ocasioes\/","title":{"rendered":"Areia: a cor para 1001 ocasi\u00f5es"},"content":{"rendered":"<p><em>T\u00e1 mais do que dito, t\u00e1 visto! Das ruas de Floren\u00e7a aos t\u00eanis da BR Sport, a naturalidade do tom areia para estilizar a moda casual com autenticidade e classe<\/em><\/p><p>Qual o item do seu guarda-roupa n\u00e3o pode faltar nos momentos marcantes, nas viagens descoladas, nos eventos corporativos e nas aventuras inesquec\u00edveis? Os esportivos h\u00edbridos &#8211; que conjugam casualidade com a vibe athleisure &#8211; est\u00e3o sempre ali, firme e forte, pronto para qualquer parada. E agora, recebe uma das tonalidades mais hypadas da vez: o areia. Longe de ser apenas mais uma cor da paleta neutra, a trend color \u2013 que as plataformas de tend\u00eancia chamam de khaki -, se destaca por sua eleg\u00e2ncia discreta e capacidade de se adaptar a diversos perfis, garantindo um upgrade no visual com modernidade e, ao mesmo tempo, imprimindo sofistica\u00e7\u00e3o a qualquer produ\u00e7\u00e3o sem esfor\u00e7o.<\/p><p>E n\u00e3o \u00e9 a gente quem est\u00e1 dizendo, ok? Os homens deram um show de estilo, evidenciando a est\u00e9tica street style durante&nbsp;<a href=\"https:\/\/www.youtube.com\/watch?v=ZPisyAqNjmQ\">a Pitti Uomo 106<\/a>, favoritando a nuance da esta\u00e7\u00e3o com combina\u00e7\u00f5es contrastantes ou mantendo a sobriedade. Nas passarelas, as cole\u00e7\u00f5es celebram o&nbsp;<strong>b\u00e1sico com um toque de refinamento, colocando para jogo uma cartela crom\u00e1tica leve ao lado de&nbsp;<\/strong>silhuetas utilit\u00e1rias, tecidos fluidos, styling personalizado e inspira\u00e7\u00e3o no workwear com foco no match planejado entre o mood urbano e o requinte cl\u00e1ssico.<\/p><p><strong>Pra apostar at\u00e9 de olhos fechados<\/strong><\/p><p>A BR Sport, antenada nas \u00faltimas tend\u00eancias, n\u00e3o ficou de fora desse movimento. A nova cole\u00e7\u00e3o da marca incorpora o areia nos modelos com&nbsp;<strong>design original, versatilidade e funcionalidade<\/strong>, que esbanjam total protagonismo no look.<\/p><p>S\u00e3o quatro vers\u00f5es minimalistas autorais, que ganham minuciosos detalhes, como na op\u00e7\u00e3o monocrom\u00e1tica ou com pinceladas de caramelo e camel, atualizando os terrosos apresentados com solados em caixa lisos ou com destaque em listras, ou elevados, al\u00e9m de uma variedade de tecidos para os cabedais, como floter r\u00fastico, camur\u00e7\u00e3o e Vermont, e claro, m\u00e1ximo conforto. Ah, e ainda \u00e9 poss\u00edvel escolher modelagens slip on ou com el\u00e1sticos que cumprem a fun\u00e7\u00e3o de cadar\u00e7os, dispensando a amarra\u00e7\u00e3o, otimizando o calce. E a\u00ed, bora entrar nessa trend?<\/p>","protected":false},"excerpt":{"rendered":"<p>T\u00e1 mais do que dito, t\u00e1 visto! Das ruas de Floren\u00e7a aos t\u00eanis da BR Sport, a naturalidade do tom areia para estilizar a moda casual com autenticidade e classe Qual o item do seu guarda-roupa n\u00e3o pode faltar nos momentos marcantes, nas viagens descoladas, nos eventos corporativos e nas aventuras inesquec\u00edveis? Os esportivos h\u00edbridos [&hellip;]<\/p>\n","protected":false},"author":1,"featured_media":268,"comment_status":"open","ping_status":"open","sticky":false,"template":"","format":"standard","meta":{"_acf_changed":false,"footnotes":""},"categories":[1],"tags":[],"class_list":["post-459","post","type-post","status-publish","format-standard","has-post-thumbnail","hentry","category-nao-categorizado"],"acf":[],"_links":{"self":[{"href":"https:\/\/www.brsportoficial.com.br\/en\/wp-json\/wp\/v2\/posts\/459","targetHints":{"allow":["GET"]}}],"collection":[{"href":"https:\/\/www.brsportoficial.com.br\/en\/wp-json\/wp\/v2\/posts"}],"about":[{"href":"https:\/\/www.brsportoficial.com.br\/en\/wp-json\/wp\/v2\/types\/post"}],"author":[{"embeddable":true,"href":"https:\/\/www.brsportoficial.com.br\/en\/wp-json\/wp\/v2\/users\/1"}],"replies":[{"embeddable":true,"href":"https:\/\/www.brsportoficial.com.br\/en\/wp-json\/wp\/v2\/comments?post=459"}],"version-history":[{"count":1,"href":"https:\/\/www.brsportoficial.com.br\/en\/wp-json\/wp\/v2\/posts\/459\/revisions"}],"predecessor-version":[{"id":460,"href":"https:\/\/www.brsportoficial.com.br\/en\/wp-json\/wp\/v2\/posts\/459\/revisions\/460"}],"wp:featuredmedia":[{"embeddable":true,"href":"https:\/\/www.brsportoficial.com.br\/en\/wp-json\/wp\/v2\/media\/268"}],"wp:attachment":[{"href":"https:\/\/www.brsportoficial.com.br\/en\/wp-json\/wp\/v2\/media?parent=459"}],"wp:term":[{"taxonomy":"category","embeddable":true,"href":"https:\/\/www.brsportoficial.com.br\/en\/wp-json\/wp\/v2\/categories?post=459"},{"taxonomy":"post_tag","embeddable":true,"href":"https:\/\/www.brsportoficial.com.br\/en\/wp-json\/wp\/v2\/tags?post=459"}],"curies":[{"name":"wp","href":"https:\/\/api.w.org\/{rel}","templated":true}]}}